{"id":28261,"date":"2019-03-16T14:29:14","date_gmt":"2019-03-16T13:29:14","guid":{"rendered":"https:\/\/www.eyesonanimals.com\/onderzoek-naar-het-welzijn-van-ierse-kalveren-bij-transport-naar-nederland\/"},"modified":"2019-05-09T10:35:53","modified_gmt":"2019-05-09T09:35:53","slug":"onderzoek-naar-het-welzijn-van-ierse-kalveren-bij-transport-naar-nederland","status":"publish","type":"post","link":"https:\/\/www.eyesonanimals.com\/de\/onderzoek-naar-het-welzijn-van-ierse-kalveren-bij-transport-naar-nederland\/","title":{"rendered":"Recherche zum Wohl junger irischer K\u00e4lber, die nach Europa exportiert werden"},"content":{"rendered":"\n<p>Vom 14. bis 16. M\u00e4rz 2019 recherchierten vier Teams von Eyes on Animals und L214 \u00fcber das Wohlergehen junger irischer K\u00e4lber auf dem Seeweg von Rosslare (IE) und Cherbourg (FR) zu den endg\u00fcltigen Zielorten via Stra\u00dfe. Wir kontrollierten die Tierschutzbedingungen an den Kontrollstellen, beim Transport und bei der Ankunft auf den Betrieben. Zwei Transporter (Shortall und McCreery) wurden bis zu ihrem Zielort, einer K\u00e4lbermastanlage in Holland begleitet. Ein anderer Transporter (Martin O\u2019Neill) wurde zur Kontrollstelle in Abbeville (FR) begleitet, von der er nach Spanien, ohne Aufsicht eines NGO Teams weiterfuhr. Die Teams dokumentierten zahlreiche schwerwiegende Verst\u00f6\u00dfe: \u00a0<\/p>\n\n\n\n<ul class=\"wp-block-list\"><li>Tierqu\u00e4lerei an der Kontrollstelle Qualivia in Tollevast (Treten und Schlagen der K\u00e4lber, Ziehen an den Ohren, K\u00e4lber wurden auf den Boden geworfen und angesprungen).<\/li><li>Einige Transporter legten keine Ruhe- und Futterpausen in unmittelbarer N\u00e4he von Cherbourg ein, somit wurde gegen maximale Reisezeiten (19 Stunden), sowie Ruhe- und F\u00fctterungszeiten versto\u00dfen.\u00a0<\/li><li>Unangemessene Trinkvorrichtungen an Bord.\u00a0<\/li><li>Verst\u00f6\u00dfe gegen die h\u00f6chstzul\u00e4ssigen Lenkzeiten, riskant f\u00fcr das Wohlergehen der Tiere, andere Verkehrsteilnehmer und den Fahrer selbst.  <br><\/li><\/ul>\n\n\n\n<figure class=\"wp-block-image\"><img loading=\"lazy\" decoding=\"async\" width=\"1200\" height=\"675\" src=\"https:\/\/www.eyesonanimals.com\/wp-content\/uploads\/2019\/05\/20190316_downer-calf-mistreated-1200x675.jpg\" alt=\"\" class=\"wp-image-28232\" srcset=\"https:\/\/www.eyesonanimals.com\/wp-content\/uploads\/2019\/05\/20190316_downer-calf-mistreated.jpg 1200w, https:\/\/www.eyesonanimals.com\/wp-content\/uploads\/2019\/05\/20190316_downer-calf-mistreated-250x141.jpg 250w, https:\/\/www.eyesonanimals.com\/wp-content\/uploads\/2019\/05\/20190316_downer-calf-mistreated-450x253.jpg 450w, https:\/\/www.eyesonanimals.com\/wp-content\/uploads\/2019\/05\/20190316_downer-calf-mistreated-768x432.jpg 768w\" sizes=\"auto, (max-width: 1200px) 100vw, 1200px\" \/><\/figure>\n\n\n\n<ul class=\"wp-block-gallery columns-2 is-cropped wp-block-gallery-1 is-layout-flex wp-block-gallery-is-layout-flex\"><li class=\"blocks-gallery-item\"><figure><img loading=\"lazy\" decoding=\"async\" width=\"1200\" height=\"675\" src=\"https:\/\/www.eyesonanimals.com\/wp-content\/uploads\/2019\/05\/20190316_maltraitance-veau-7-1200x675.jpg\" alt=\"\" data-id=\"28238\" data-link=\"https:\/\/www.eyesonanimals.com\/nl\/20190316_maltraitance-veau-7-2\/\" class=\"wp-image-28238\" srcset=\"https:\/\/www.eyesonanimals.com\/wp-content\/uploads\/2019\/05\/20190316_maltraitance-veau-7.jpg 1200w, https:\/\/www.eyesonanimals.com\/wp-content\/uploads\/2019\/05\/20190316_maltraitance-veau-7-250x141.jpg 250w, https:\/\/www.eyesonanimals.com\/wp-content\/uploads\/2019\/05\/20190316_maltraitance-veau-7-450x253.jpg 450w, https:\/\/www.eyesonanimals.com\/wp-content\/uploads\/2019\/05\/20190316_maltraitance-veau-7-768x432.jpg 768w\" sizes=\"auto, (max-width: 1200px) 100vw, 1200px\" \/><\/figure><\/li><li class=\"blocks-gallery-item\"><figure><img loading=\"lazy\" decoding=\"async\" width=\"1111\" height=\"841\" src=\"https:\/\/www.eyesonanimals.com\/wp-content\/uploads\/2019\/05\/20190316_transport.jpg\" alt=\"\" data-id=\"28241\" data-link=\"https:\/\/www.eyesonanimals.com\/nl\/20190316_transport-2\/\" class=\"wp-image-28241\" srcset=\"https:\/\/www.eyesonanimals.com\/wp-content\/uploads\/2019\/05\/20190316_transport.jpg 1111w, https:\/\/www.eyesonanimals.com\/wp-content\/uploads\/2019\/05\/20190316_transport-250x189.jpg 250w, https:\/\/www.eyesonanimals.com\/wp-content\/uploads\/2019\/05\/20190316_transport-396x300.jpg 396w, https:\/\/www.eyesonanimals.com\/wp-content\/uploads\/2019\/05\/20190316_transport-768x581.jpg 768w\" sizes=\"auto, (max-width: 1111px) 100vw, 1111px\" \/><\/figure><\/li><\/ul>\n\n\n\n<p>Obwohl wir in den niederl\u00e4ndischen Mastbetrieben keine Rechtsverst\u00f6\u00dfe feststellen konnten, sind EonA und L214 der Meinung, dass die Zust\u00e4nde in diesen Betrieben v\u00f6llig unzumutbar und \u00fcberholt sind. Nach einer langen und anstrengenden Reise werden die K\u00e4lbchen in Einzelboxen gesteckt in denen sie nicht laufen, rennen oder spielen k\u00f6nnen. Dar\u00fcber hinaus hat der Boden kein weiches Einstreu (sie m\u00fcssen auf blanken harten Spaltenb\u00f6den liegen). Die K\u00e4lber sind ihr ganzes Leben lang ohne Besch\u00e4ftigungsm\u00f6glichkeiten eingesperrt. Diese jungen Tiere in diesen engen dunklen Holzboxen zu sehen ist eine Schande f\u00fcr den angeborenen Wert der Tiere und entspricht in keinstem Ma\u00dfe ihren Verhaltensbed\u00fcrfnissen.<\/p>\n\n\n\n<ul class=\"wp-block-gallery columns-2 is-cropped wp-block-gallery-2 is-layout-flex wp-block-gallery-is-layout-flex\"><li class=\"blocks-gallery-item\"><figure><img loading=\"lazy\" decoding=\"async\" width=\"540\" height=\"960\" src=\"https:\/\/www.eyesonanimals.com\/wp-content\/uploads\/2019\/05\/20190316_farm-Holland-540x960.jpg\" alt=\"\" data-id=\"28235\" data-link=\"https:\/\/www.eyesonanimals.com\/nl\/20190316_farm-holland-2\/\" class=\"wp-image-28235\" srcset=\"https:\/\/www.eyesonanimals.com\/wp-content\/uploads\/2019\/05\/20190316_farm-Holland.jpg 540w, https:\/\/www.eyesonanimals.com\/wp-content\/uploads\/2019\/05\/20190316_farm-Holland-141x250.jpg 141w, https:\/\/www.eyesonanimals.com\/wp-content\/uploads\/2019\/05\/20190316_farm-Holland-169x300.jpg 169w\" sizes=\"auto, (max-width: 540px) 100vw, 540px\" \/><\/figure><\/li><li class=\"blocks-gallery-item\"><figure><img loading=\"lazy\" decoding=\"async\" width=\"1200\" height=\"675\" src=\"https:\/\/www.eyesonanimals.com\/wp-content\/uploads\/2019\/05\/20190316_weak-calf-in-truck-1200x675.png\" alt=\"\" data-id=\"28244\" data-link=\"https:\/\/www.eyesonanimals.com\/nl\/20190316_weak-calf-in-truck-2\/\" class=\"wp-image-28244\" srcset=\"https:\/\/www.eyesonanimals.com\/wp-content\/uploads\/2019\/05\/20190316_weak-calf-in-truck.png 1200w, https:\/\/www.eyesonanimals.com\/wp-content\/uploads\/2019\/05\/20190316_weak-calf-in-truck-250x141.png 250w, https:\/\/www.eyesonanimals.com\/wp-content\/uploads\/2019\/05\/20190316_weak-calf-in-truck-450x253.png 450w, https:\/\/www.eyesonanimals.com\/wp-content\/uploads\/2019\/05\/20190316_weak-calf-in-truck-768x432.png 768w\" sizes=\"auto, (max-width: 1200px) 100vw, 1200px\" \/><\/figure><\/li><\/ul>\n\n\n\n<p>L214 und Eyes on Animals werden eine Anklage gegen die Kontrollstelle Qualivia in Tollevast und einen ihrer Mitarbeiter f\u00fcr die brutalen Misshandlungen der K\u00e4lber erheben. Die Amtlichen Beh\u00f6rden werden \u00fcber die dokumentierten Verst\u00f6\u00dfe informiert und zur sofortigen Ma\u00dfnahmenergreifung aufgefordert werden. Wir werden auch eine <a href=\"https:\/\/www.L214.com\/unweaned-calves\">Campagne<\/a> und eine <a href=\"https:\/\/www.l214.com\/unweaned-calves#petition\">Petition<\/a> starten um den Transport nicht abgesetzter Tiere zu stoppen, da noch auf Milch angewiesene und auf den Beinen wackelige Tiere, auf so langen Transporten nicht angemessen versorgt werden k\u00f6nnen.\u00a0<\/p>\n\n\n\n<p><br><\/p>\n","protected":false},"excerpt":{"rendered":"<p>Vom 14. bis 16. M\u00e4rz 2019 recherchierten vier Teams von Eyes on Animals und L214 \u00fcber das Wohlergehen junger irischer K\u00e4lber auf dem Seeweg von Rosslare (IE) und Cherbourg (FR) zu den endg\u00fcltigen Zielorten via Stra\u00dfe. Wir kontrollierten die Tierschutzbedingungen an den Kontrollstellen, beim Transport und bei der Ankunft auf den Betrieben. Zwei Transporter (Shortall [&hellip;]<\/p>\n","protected":false},"author":394,"featured_media":28234,"comment_status":"open","ping_status":"open","sticky":false,"template":"","format":"standard","meta":{"inline_featured_image":false,"_genesis_hide_title":false,"_genesis_hide_breadcrumbs":false,"_genesis_hide_singular_image":false,"_genesis_hide_footer_widgets":false,"_genesis_custom_body_class":"","_genesis_custom_post_class":"","_genesis_layout":"","footnotes":""},"categories":[27,126],"tags":[231,250,290],"class_list":{"0":"post-28261","1":"post","2":"type-post","3":"status-publish","4":"format-standard","5":"has-post-thumbnail","7":"category-inspektionen","8":"category-transporte","9":"tag-animal-welfare-inspection","10":"tag-calves","11":"tag-transport-levende-dieren","12":"entry"},"featured_image_urls_v2":{"full":["https:\/\/www.eyesonanimals.com\/wp-content\/uploads\/2019\/05\/20190316_farm-Holland.jpg",540,960,false],"thumbnail":["https:\/\/www.eyesonanimals.com\/wp-content\/uploads\/2019\/05\/20190316_farm-Holland-141x250.jpg",141,250,true],"medium":["https:\/\/www.eyesonanimals.com\/wp-content\/uploads\/2019\/05\/20190316_farm-Holland-169x300.jpg",169,300,true],"medium_large":["https:\/\/www.eyesonanimals.com\/wp-content\/uploads\/2019\/05\/20190316_farm-Holland.jpg",540,960,false],"large":["https:\/\/www.eyesonanimals.com\/wp-content\/uploads\/2019\/05\/20190316_farm-Holland-540x960.jpg",540,960,true],"1536x1536":["https:\/\/www.eyesonanimals.com\/wp-content\/uploads\/2019\/05\/20190316_farm-Holland.jpg",540,960,false],"2048x2048":["https:\/\/www.eyesonanimals.com\/wp-content\/uploads\/2019\/05\/20190316_farm-Holland.jpg",540,960,false],"home-bottom":["https:\/\/www.eyesonanimals.com\/wp-content\/uploads\/2019\/05\/20190316_farm-Holland-150x150.jpg",150,150,true],"home-middle":["https:\/\/www.eyesonanimals.com\/wp-content\/uploads\/2019\/05\/20190316_farm-Holland-332x190.jpg",332,190,true],"home-top":["https:\/\/www.eyesonanimals.com\/wp-content\/uploads\/2019\/05\/20190316_farm-Holland-540x400.jpg",540,400,true],"gb-block-post-grid-landscape":["https:\/\/www.eyesonanimals.com\/wp-content\/uploads\/2019\/05\/20190316_farm-Holland.jpg",225,400,false],"gb-block-post-grid-square":["https:\/\/www.eyesonanimals.com\/wp-content\/uploads\/2019\/05\/20190316_farm-Holland.jpg",338,600,false]},"post_excerpt_stackable_v2":"<p>Vom 14. bis 16. M\u00e4rz 2019 recherchierten vier Teams von Eyes on Animals und L214 \u00fcber das Wohlergehen junger irischer K\u00e4lber auf dem Seeweg von Rosslare (IE) und Cherbourg (FR) zu den endg\u00fcltigen Zielorten via Stra\u00dfe. Wir kontrollierten die Tierschutzbedingungen an den Kontrollstellen, beim Transport und bei der Ankunft auf den Betrieben. Zwei Transporter (Shortall und McCreery) wurden bis zu ihrem Zielort, einer K\u00e4lbermastanlage in Holland begleitet. Ein anderer Transporter (Martin O\u2019Neill) wurde zur Kontrollstelle in Abbeville (FR) begleitet, von der er nach Spanien, ohne Aufsicht eines NGO Teams weiterfuhr. Die Teams dokumentierten zahlreiche schwerwiegende Verst\u00f6\u00dfe: \u00a0 Tierqu\u00e4lerei an der&hellip;<\/p>\n","category_list_v2":"<a href=\"https:\/\/www.eyesonanimals.com\/de\/category\/inspektionen\/\" rel=\"category tag\">Inspektionen<\/a>, <a href=\"https:\/\/www.eyesonanimals.com\/de\/category\/inspektionen\/transporte\/\" rel=\"category tag\">Transporte<\/a>","author_info_v2":{"name":"Sanja","url":"https:\/\/www.eyesonanimals.com\/de\/author\/sanja\/"},"comments_num_v2":"0 comments","yoast_head":"<!-- This site is optimized with the Yoast SEO plugin v27.2 - https:\/\/yoast.com\/product\/yoast-seo-wordpress\/ -->\n<title>Recherche zum Wohl junger irischer K\u00e4lber, die nach Europa exportiert werden<\/title>\n<meta name=\"description\" content=\"Vom 14. bis 16. M\u00e4rz 2019 recherchierten vier Teams von Eyes on Animals und L214 \u00fcber das Wohlergehen junger irischer K\u00e4lber die exportiert werden.\" \/>\n<meta name=\"robots\" content=\"index, follow, max-snippet:-1, max-image-preview:large, max-video-preview:-1\" \/>\n<link rel=\"canonical\" href=\"https:\/\/www.eyesonanimals.com\/de\/onderzoek-naar-het-welzijn-van-ierse-kalveren-bij-transport-naar-nederland\/\" \/>\n<meta property=\"og:locale\" content=\"de_DE\" \/>\n<meta property=\"og:type\" content=\"article\" \/>\n<meta property=\"og:title\" content=\"Recherche zum Wohl junger irischer K\u00e4lber, die nach Europa exportiert werden\" \/>\n<meta property=\"og:description\" content=\"Vom 14. bis 16. M\u00e4rz 2019 recherchierten vier Teams von Eyes on Animals und L214 \u00fcber das Wohlergehen junger irischer K\u00e4lber die exportiert werden.\" \/>\n<meta property=\"og:url\" content=\"https:\/\/www.eyesonanimals.com\/de\/onderzoek-naar-het-welzijn-van-ierse-kalveren-bij-transport-naar-nederland\/\" \/>\n<meta property=\"og:site_name\" content=\"Eyes on Animals\" \/>\n<meta property=\"article:published_time\" content=\"2019-03-16T13:29:14+00:00\" \/>\n<meta property=\"article:modified_time\" content=\"2019-05-09T09:35:53+00:00\" \/>\n<meta property=\"og:image\" content=\"https:\/\/www.eyesonanimals.com\/wp-content\/uploads\/2019\/05\/20190316_farm-Holland.jpg\" \/>\n\t<meta property=\"og:image:width\" content=\"540\" \/>\n\t<meta property=\"og:image:height\" content=\"960\" \/>\n\t<meta property=\"og:image:type\" content=\"image\/jpeg\" \/>\n<meta name=\"author\" content=\"Sanja\" \/>\n<meta name=\"twitter:label1\" content=\"Verfasst von\" \/>\n\t<meta name=\"twitter:data1\" content=\"Sanja\" \/>\n\t<meta name=\"twitter:label2\" content=\"Gesch\u00e4tzte Lesezeit\" \/>\n\t<meta name=\"twitter:data2\" content=\"2\u00a0Minuten\" \/>\n<script type=\"application\/ld+json\" class=\"yoast-schema-graph\">{\"@context\":\"https:\/\/schema.org\",\"@graph\":[{\"@type\":\"Article\",\"@id\":\"https:\/\/www.eyesonanimals.com\/de\/onderzoek-naar-het-welzijn-van-ierse-kalveren-bij-transport-naar-nederland\/#article\",\"isPartOf\":{\"@id\":\"https:\/\/www.eyesonanimals.com\/de\/onderzoek-naar-het-welzijn-van-ierse-kalveren-bij-transport-naar-nederland\/\"},\"author\":{\"name\":\"Sanja\",\"@id\":\"https:\/\/www.eyesonanimals.com\/nl\/#\/schema\/person\/dd0865fbafcbde497206c448ce21668d\"},\"headline\":\"Recherche zum Wohl junger irischer K\u00e4lber, die nach Europa exportiert werden\",\"datePublished\":\"2019-03-16T13:29:14+00:00\",\"dateModified\":\"2019-05-09T09:35:53+00:00\",\"mainEntityOfPage\":{\"@id\":\"https:\/\/www.eyesonanimals.com\/de\/onderzoek-naar-het-welzijn-van-ierse-kalveren-bij-transport-naar-nederland\/\"},\"wordCount\":388,\"commentCount\":0,\"publisher\":{\"@id\":\"https:\/\/www.eyesonanimals.com\/nl\/#organization\"},\"image\":{\"@id\":\"https:\/\/www.eyesonanimals.com\/de\/onderzoek-naar-het-welzijn-van-ierse-kalveren-bij-transport-naar-nederland\/#primaryimage\"},\"thumbnailUrl\":\"https:\/\/www.eyesonanimals.com\/wp-content\/uploads\/2019\/05\/20190316_farm-Holland.jpg\",\"keywords\":[\"animal welfare inspection\",\"calves\",\"transport levende dieren\"],\"articleSection\":[\"Inspektionen\",\"Transporte\"],\"inLanguage\":\"de\",\"potentialAction\":[{\"@type\":\"CommentAction\",\"name\":\"Comment\",\"target\":[\"https:\/\/www.eyesonanimals.com\/de\/onderzoek-naar-het-welzijn-van-ierse-kalveren-bij-transport-naar-nederland\/#respond\"]}]},{\"@type\":\"WebPage\",\"@id\":\"https:\/\/www.eyesonanimals.com\/de\/onderzoek-naar-het-welzijn-van-ierse-kalveren-bij-transport-naar-nederland\/\",\"url\":\"https:\/\/www.eyesonanimals.com\/de\/onderzoek-naar-het-welzijn-van-ierse-kalveren-bij-transport-naar-nederland\/\",\"name\":\"Recherche zum Wohl junger irischer K\u00e4lber, die nach Europa exportiert werden\",\"isPartOf\":{\"@id\":\"https:\/\/www.eyesonanimals.com\/nl\/#website\"},\"primaryImageOfPage\":{\"@id\":\"https:\/\/www.eyesonanimals.com\/de\/onderzoek-naar-het-welzijn-van-ierse-kalveren-bij-transport-naar-nederland\/#primaryimage\"},\"image\":{\"@id\":\"https:\/\/www.eyesonanimals.com\/de\/onderzoek-naar-het-welzijn-van-ierse-kalveren-bij-transport-naar-nederland\/#primaryimage\"},\"thumbnailUrl\":\"https:\/\/www.eyesonanimals.com\/wp-content\/uploads\/2019\/05\/20190316_farm-Holland.jpg\",\"datePublished\":\"2019-03-16T13:29:14+00:00\",\"dateModified\":\"2019-05-09T09:35:53+00:00\",\"description\":\"Vom 14. bis 16. M\u00e4rz 2019 recherchierten vier Teams von Eyes on Animals und L214 \u00fcber das Wohlergehen junger irischer K\u00e4lber die exportiert werden.\",\"breadcrumb\":{\"@id\":\"https:\/\/www.eyesonanimals.com\/de\/onderzoek-naar-het-welzijn-van-ierse-kalveren-bij-transport-naar-nederland\/#breadcrumb\"},\"inLanguage\":\"de\",\"potentialAction\":[{\"@type\":\"ReadAction\",\"target\":[\"https:\/\/www.eyesonanimals.com\/de\/onderzoek-naar-het-welzijn-van-ierse-kalveren-bij-transport-naar-nederland\/\"]}]},{\"@type\":\"ImageObject\",\"inLanguage\":\"de\",\"@id\":\"https:\/\/www.eyesonanimals.com\/de\/onderzoek-naar-het-welzijn-van-ierse-kalveren-bij-transport-naar-nederland\/#primaryimage\",\"url\":\"https:\/\/www.eyesonanimals.com\/wp-content\/uploads\/2019\/05\/20190316_farm-Holland.jpg\",\"contentUrl\":\"https:\/\/www.eyesonanimals.com\/wp-content\/uploads\/2019\/05\/20190316_farm-Holland.jpg\",\"width\":540,\"height\":960},{\"@type\":\"BreadcrumbList\",\"@id\":\"https:\/\/www.eyesonanimals.com\/de\/onderzoek-naar-het-welzijn-van-ierse-kalveren-bij-transport-naar-nederland\/#breadcrumb\",\"itemListElement\":[{\"@type\":\"ListItem\",\"position\":1,\"name\":\"Home\",\"item\":\"https:\/\/www.eyesonanimals.com\/nl\/\"},{\"@type\":\"ListItem\",\"position\":2,\"name\":\"Inspektionen\",\"item\":\"https:\/\/www.eyesonanimals.com\/de\/category\/inspektionen\/\"},{\"@type\":\"ListItem\",\"position\":3,\"name\":\"Recherche zum Wohl junger irischer K\u00e4lber, die nach Europa exportiert werden\"}]},{\"@type\":\"WebSite\",\"@id\":\"https:\/\/www.eyesonanimals.com\/nl\/#website\",\"url\":\"https:\/\/www.eyesonanimals.com\/nl\/\",\"name\":\"Eyes on Animals\",\"description\":\"Watching out for their Welfare\",\"publisher\":{\"@id\":\"https:\/\/www.eyesonanimals.com\/nl\/#organization\"},\"potentialAction\":[{\"@type\":\"SearchAction\",\"target\":{\"@type\":\"EntryPoint\",\"urlTemplate\":\"https:\/\/www.eyesonanimals.com\/nl\/?s={search_term_string}\"},\"query-input\":{\"@type\":\"PropertyValueSpecification\",\"valueRequired\":true,\"valueName\":\"search_term_string\"}}],\"inLanguage\":\"de\"},{\"@type\":\"Organization\",\"@id\":\"https:\/\/www.eyesonanimals.com\/nl\/#organization\",\"name\":\"Eyes on Animals\",\"url\":\"https:\/\/www.eyesonanimals.com\/nl\/\",\"logo\":{\"@type\":\"ImageObject\",\"inLanguage\":\"de\",\"@id\":\"https:\/\/www.eyesonanimals.com\/nl\/#\/schema\/logo\/image\/\",\"url\":\"https:\/\/www.eyesonanimals.com\/wp-content\/uploads\/2011\/06\/logo-450x109.png\",\"contentUrl\":\"https:\/\/www.eyesonanimals.com\/wp-content\/uploads\/2011\/06\/logo-450x109.png\",\"width\":450,\"height\":109,\"caption\":\"Eyes on Animals\"},\"image\":{\"@id\":\"https:\/\/www.eyesonanimals.com\/nl\/#\/schema\/logo\/image\/\"},\"sameAs\":[\"http:\/\/www.youtube.com\/user\/EyesonAnimalsinspect?feature=mhee\"]},{\"@type\":\"Person\",\"@id\":\"https:\/\/www.eyesonanimals.com\/nl\/#\/schema\/person\/dd0865fbafcbde497206c448ce21668d\",\"name\":\"Sanja\",\"image\":{\"@type\":\"ImageObject\",\"inLanguage\":\"de\",\"@id\":\"https:\/\/secure.gravatar.com\/avatar\/ddd6d040213c69d49fcb0b15273cdeb3804dffe130a6de94435ce8736e3fca4c?s=96&d=mm&r=g\",\"url\":\"https:\/\/secure.gravatar.com\/avatar\/ddd6d040213c69d49fcb0b15273cdeb3804dffe130a6de94435ce8736e3fca4c?s=96&d=mm&r=g\",\"contentUrl\":\"https:\/\/secure.gravatar.com\/avatar\/ddd6d040213c69d49fcb0b15273cdeb3804dffe130a6de94435ce8736e3fca4c?s=96&d=mm&r=g\",\"caption\":\"Sanja\"}}]}<\/script>\n<!-- \/ Yoast SEO plugin. -->","yoast_head_json":{"title":"Recherche zum Wohl junger irischer K\u00e4lber, die nach Europa exportiert werden","description":"Vom 14. bis 16. M\u00e4rz 2019 recherchierten vier Teams von Eyes on Animals und L214 \u00fcber das Wohlergehen junger irischer K\u00e4lber die exportiert werden.","robots":{"index":"index","follow":"follow","max-snippet":"max-snippet:-1","max-image-preview":"max-image-preview:large","max-video-preview":"max-video-preview:-1"},"canonical":"https:\/\/www.eyesonanimals.com\/de\/onderzoek-naar-het-welzijn-van-ierse-kalveren-bij-transport-naar-nederland\/","og_locale":"de_DE","og_type":"article","og_title":"Recherche zum Wohl junger irischer K\u00e4lber, die nach Europa exportiert werden","og_description":"Vom 14. bis 16. M\u00e4rz 2019 recherchierten vier Teams von Eyes on Animals und L214 \u00fcber das Wohlergehen junger irischer K\u00e4lber die exportiert werden.","og_url":"https:\/\/www.eyesonanimals.com\/de\/onderzoek-naar-het-welzijn-van-ierse-kalveren-bij-transport-naar-nederland\/","og_site_name":"Eyes on Animals","article_published_time":"2019-03-16T13:29:14+00:00","article_modified_time":"2019-05-09T09:35:53+00:00","og_image":[{"width":540,"height":960,"url":"https:\/\/www.eyesonanimals.com\/wp-content\/uploads\/2019\/05\/20190316_farm-Holland.jpg","type":"image\/jpeg"}],"author":"Sanja","twitter_misc":{"Verfasst von":"Sanja","Gesch\u00e4tzte Lesezeit":"2\u00a0Minuten"},"schema":{"@context":"https:\/\/schema.org","@graph":[{"@type":"Article","@id":"https:\/\/www.eyesonanimals.com\/de\/onderzoek-naar-het-welzijn-van-ierse-kalveren-bij-transport-naar-nederland\/#article","isPartOf":{"@id":"https:\/\/www.eyesonanimals.com\/de\/onderzoek-naar-het-welzijn-van-ierse-kalveren-bij-transport-naar-nederland\/"},"author":{"name":"Sanja","@id":"https:\/\/www.eyesonanimals.com\/nl\/#\/schema\/person\/dd0865fbafcbde497206c448ce21668d"},"headline":"Recherche zum Wohl junger irischer K\u00e4lber, die nach Europa exportiert werden","datePublished":"2019-03-16T13:29:14+00:00","dateModified":"2019-05-09T09:35:53+00:00","mainEntityOfPage":{"@id":"https:\/\/www.eyesonanimals.com\/de\/onderzoek-naar-het-welzijn-van-ierse-kalveren-bij-transport-naar-nederland\/"},"wordCount":388,"commentCount":0,"publisher":{"@id":"https:\/\/www.eyesonanimals.com\/nl\/#organization"},"image":{"@id":"https:\/\/www.eyesonanimals.com\/de\/onderzoek-naar-het-welzijn-van-ierse-kalveren-bij-transport-naar-nederland\/#primaryimage"},"thumbnailUrl":"https:\/\/www.eyesonanimals.com\/wp-content\/uploads\/2019\/05\/20190316_farm-Holland.jpg","keywords":["animal welfare inspection","calves","transport levende dieren"],"articleSection":["Inspektionen","Transporte"],"inLanguage":"de","potentialAction":[{"@type":"CommentAction","name":"Comment","target":["https:\/\/www.eyesonanimals.com\/de\/onderzoek-naar-het-welzijn-van-ierse-kalveren-bij-transport-naar-nederland\/#respond"]}]},{"@type":"WebPage","@id":"https:\/\/www.eyesonanimals.com\/de\/onderzoek-naar-het-welzijn-van-ierse-kalveren-bij-transport-naar-nederland\/","url":"https:\/\/www.eyesonanimals.com\/de\/onderzoek-naar-het-welzijn-van-ierse-kalveren-bij-transport-naar-nederland\/","name":"Recherche zum Wohl junger irischer K\u00e4lber, die nach Europa exportiert werden","isPartOf":{"@id":"https:\/\/www.eyesonanimals.com\/nl\/#website"},"primaryImageOfPage":{"@id":"https:\/\/www.eyesonanimals.com\/de\/onderzoek-naar-het-welzijn-van-ierse-kalveren-bij-transport-naar-nederland\/#primaryimage"},"image":{"@id":"https:\/\/www.eyesonanimals.com\/de\/onderzoek-naar-het-welzijn-van-ierse-kalveren-bij-transport-naar-nederland\/#primaryimage"},"thumbnailUrl":"https:\/\/www.eyesonanimals.com\/wp-content\/uploads\/2019\/05\/20190316_farm-Holland.jpg","datePublished":"2019-03-16T13:29:14+00:00","dateModified":"2019-05-09T09:35:53+00:00","description":"Vom 14. bis 16. M\u00e4rz 2019 recherchierten vier Teams von Eyes on Animals und L214 \u00fcber das Wohlergehen junger irischer K\u00e4lber die exportiert werden.","breadcrumb":{"@id":"https:\/\/www.eyesonanimals.com\/de\/onderzoek-naar-het-welzijn-van-ierse-kalveren-bij-transport-naar-nederland\/#breadcrumb"},"inLanguage":"de","potentialAction":[{"@type":"ReadAction","target":["https:\/\/www.eyesonanimals.com\/de\/onderzoek-naar-het-welzijn-van-ierse-kalveren-bij-transport-naar-nederland\/"]}]},{"@type":"ImageObject","inLanguage":"de","@id":"https:\/\/www.eyesonanimals.com\/de\/onderzoek-naar-het-welzijn-van-ierse-kalveren-bij-transport-naar-nederland\/#primaryimage","url":"https:\/\/www.eyesonanimals.com\/wp-content\/uploads\/2019\/05\/20190316_farm-Holland.jpg","contentUrl":"https:\/\/www.eyesonanimals.com\/wp-content\/uploads\/2019\/05\/20190316_farm-Holland.jpg","width":540,"height":960},{"@type":"BreadcrumbList","@id":"https:\/\/www.eyesonanimals.com\/de\/onderzoek-naar-het-welzijn-van-ierse-kalveren-bij-transport-naar-nederland\/#breadcrumb","itemListElement":[{"@type":"ListItem","position":1,"name":"Home","item":"https:\/\/www.eyesonanimals.com\/nl\/"},{"@type":"ListItem","position":2,"name":"Inspektionen","item":"https:\/\/www.eyesonanimals.com\/de\/category\/inspektionen\/"},{"@type":"ListItem","position":3,"name":"Recherche zum Wohl junger irischer K\u00e4lber, die nach Europa exportiert werden"}]},{"@type":"WebSite","@id":"https:\/\/www.eyesonanimals.com\/nl\/#website","url":"https:\/\/www.eyesonanimals.com\/nl\/","name":"Eyes on Animals","description":"Watching out for their Welfare","publisher":{"@id":"https:\/\/www.eyesonanimals.com\/nl\/#organization"},"potentialAction":[{"@type":"SearchAction","target":{"@type":"EntryPoint","urlTemplate":"https:\/\/www.eyesonanimals.com\/nl\/?s={search_term_string}"},"query-input":{"@type":"PropertyValueSpecification","valueRequired":true,"valueName":"search_term_string"}}],"inLanguage":"de"},{"@type":"Organization","@id":"https:\/\/www.eyesonanimals.com\/nl\/#organization","name":"Eyes on Animals","url":"https:\/\/www.eyesonanimals.com\/nl\/","logo":{"@type":"ImageObject","inLanguage":"de","@id":"https:\/\/www.eyesonanimals.com\/nl\/#\/schema\/logo\/image\/","url":"https:\/\/www.eyesonanimals.com\/wp-content\/uploads\/2011\/06\/logo-450x109.png","contentUrl":"https:\/\/www.eyesonanimals.com\/wp-content\/uploads\/2011\/06\/logo-450x109.png","width":450,"height":109,"caption":"Eyes on Animals"},"image":{"@id":"https:\/\/www.eyesonanimals.com\/nl\/#\/schema\/logo\/image\/"},"sameAs":["http:\/\/www.youtube.com\/user\/EyesonAnimalsinspect?feature=mhee"]},{"@type":"Person","@id":"https:\/\/www.eyesonanimals.com\/nl\/#\/schema\/person\/dd0865fbafcbde497206c448ce21668d","name":"Sanja","image":{"@type":"ImageObject","inLanguage":"de","@id":"https:\/\/secure.gravatar.com\/avatar\/ddd6d040213c69d49fcb0b15273cdeb3804dffe130a6de94435ce8736e3fca4c?s=96&d=mm&r=g","url":"https:\/\/secure.gravatar.com\/avatar\/ddd6d040213c69d49fcb0b15273cdeb3804dffe130a6de94435ce8736e3fca4c?s=96&d=mm&r=g","contentUrl":"https:\/\/secure.gravatar.com\/avatar\/ddd6d040213c69d49fcb0b15273cdeb3804dffe130a6de94435ce8736e3fca4c?s=96&d=mm&r=g","caption":"Sanja"}}]}},"featured_image_src":"https:\/\/www.eyesonanimals.com\/wp-content\/uploads\/2019\/05\/20190316_farm-Holland.jpg","featured_image_src_square":"https:\/\/www.eyesonanimals.com\/wp-content\/uploads\/2019\/05\/20190316_farm-Holland.jpg","author_info":{"display_name":"Sanja","author_link":"https:\/\/www.eyesonanimals.com\/de\/author\/sanja\/"},"_links":{"self":[{"href":"https:\/\/www.eyesonanimals.com\/de\/wp-json\/wp\/v2\/posts\/28261","targetHints":{"allow":["GET"]}}],"collection":[{"href":"https:\/\/www.eyesonanimals.com\/de\/wp-json\/wp\/v2\/posts"}],"about":[{"href":"https:\/\/www.eyesonanimals.com\/de\/wp-json\/wp\/v2\/types\/post"}],"author":[{"embeddable":true,"href":"https:\/\/www.eyesonanimals.com\/de\/wp-json\/wp\/v2\/users\/394"}],"replies":[{"embeddable":true,"href":"https:\/\/www.eyesonanimals.com\/de\/wp-json\/wp\/v2\/comments?post=28261"}],"version-history":[{"count":0,"href":"https:\/\/www.eyesonanimals.com\/de\/wp-json\/wp\/v2\/posts\/28261\/revisions"}],"wp:featuredmedia":[{"embeddable":true,"href":"https:\/\/www.eyesonanimals.com\/de\/wp-json\/wp\/v2\/media\/28234"}],"wp:attachment":[{"href":"https:\/\/www.eyesonanimals.com\/de\/wp-json\/wp\/v2\/media?parent=28261"}],"wp:term":[{"taxonomy":"category","embeddable":true,"href":"https:\/\/www.eyesonanimals.com\/de\/wp-json\/wp\/v2\/categories?post=28261"},{"taxonomy":"post_tag","embeddable":true,"href":"https:\/\/www.eyesonanimals.com\/de\/wp-json\/wp\/v2\/tags?post=28261"}],"curies":[{"name":"wp","href":"https:\/\/api.w.org\/{rel}","templated":true}]}}